{"id":1424,"date":"2016-02-16T19:14:03","date_gmt":"2016-02-16T19:14:03","guid":{"rendered":"http:\/\/www.bufetcolls.es\/?p=1424"},"modified":"2021-12-14T21:49:56","modified_gmt":"2021-12-14T21:49:56","slug":"josep-antoni-duran-i-lleida-se-incorpora-a-bufet-colls-2","status":"publish","type":"post","link":"https:\/\/bufetcolls.com\/es\/blog\/josep-antoni-duran-i-lleida-se-incorpora-a-bufet-colls-2\/","title":{"rendered":"Josep Antoni Duran i Lleida se incorpora a Bufet Colls"},"content":{"rendered":"<p>Tal como hoy informan algunos medios de comunicaci\u00f3n (<a title=\"Expansi\u00f3n. Dur\u00e1n i Lleida se incorpora a Bufet Colls. Abogados Barcelona\" href=\"http:\/\/www.expansion.com\/catalunya\/2016\/02\/16\/56c2e6f3268e3e7a2f8b4577.html\" target=\"_blank\" rel=\"noopener\">Expansi\u00f3n<\/a>, <a title=\"La Vanguardia. Duran i Lleida se incorpora a Bufet Colls. Abogados  Barcelona\" href=\"http:\/\/www.lavanguardia.com\/politica\/20160216\/302199956039\/duran-lleida-ficha-bufet-colls-abogados.html\" target=\"_blank\" rel=\"noopener\">La Vanguardia Digital<\/a> , <a title=\"El Periodico. Duran i Lleida se incorpora a Bufet Colls. AbogadosBarcelona\" href=\"http:\/\/www.elperiodico.com\/es\/noticias\/politica\/duran-abogado-despacho-suegro-bufett-colls-4900492\" target=\"_blank\" rel=\"noopener\">El Peri\u00f3dico Digital<\/a>..) nos complace comunicar a nuestros clientes y amigos la incorporaci\u00f3n a <a title=\"Bufet Colls Barcelona\" href=\"http:\/\/www.bufetcolls.es\"><strong>Bufet Colls<\/strong><\/a> de <strong>Josep Antoni Duran i Lleida<\/strong>.<!--more--><\/p>\n<p>El <strong>Sr. Duran i Lleida<\/strong> ejercer\u00e1 en nuestro despacho como <strong>Abogado<\/strong> y<strong> Consultor Internacional<\/strong>. Su actividad como legislador, tanto en los parlamentos catal\u00e1n, espa\u00f1ol y europeo, y\u00a0 su dilatada experiencia internacional, que le ha llevado a presidir la Comisi\u00f3n de Asuntos Exteriores del Congreso de los Diputados en las tres \u00faltimas legislaturas, suponen una valiosa contribuci\u00f3n que valoramos muy positivamente.<\/p>\n<p>Con esta nueva incorporaci\u00f3n, <strong>Bufet Colls<\/strong> continuar\u00e1 ofreciendo a sus clientes un \u00f3ptimo servicio profesional y personalizado, fruto de la labor de equipo que siempre nos ha\u00a0 caracterizado.<\/p>\n","protected":false},"excerpt":{"rendered":"<p>Tal como hoy informan algunos medios de comunicaci\u00f3n (Expansi\u00f3n, La Vanguardia Digital , El Peri\u00f3dico Digital..) nos complace comunicar a nuestros clientes y amigos la incorporaci\u00f3n a Bufet Colls de Josep Antoni Duran i Lleida.<\/p>\n","protected":false},"author":4,"featured_media":1461,"comment_status":"open","ping_status":"open","sticky":false,"template":"","format":"standard","meta":{"om_disable_all_campaigns":false,"_monsterinsights_skip_tracking":false,"_monsterinsights_sitenote_active":false,"_monsterinsights_sitenote_note":"","_monsterinsights_sitenote_category":0,"footnotes":""},"categories":[1],"tags":[],"class_list":["post-1424","post","type-post","status-publish","format-standard","has-post-thumbnail","hentry","category-blog"],"aioseo_notices":[],"_links":{"self":[{"href":"https:\/\/bufetcolls.com\/es\/wp-json\/wp\/v2\/posts\/1424","targetHints":{"allow":["GET"]}}],"collection":[{"href":"https:\/\/bufetcolls.com\/es\/wp-json\/wp\/v2\/posts"}],"about":[{"href":"https:\/\/bufetcolls.com\/es\/wp-json\/wp\/v2\/types\/post"}],"author":[{"embeddable":true,"href":"https:\/\/bufetcolls.com\/es\/wp-json\/wp\/v2\/users\/4"}],"replies":[{"embeddable":true,"href":"https:\/\/bufetcolls.com\/es\/wp-json\/wp\/v2\/comments?post=1424"}],"version-history":[{"count":4,"href":"https:\/\/bufetcolls.com\/es\/wp-json\/wp\/v2\/posts\/1424\/revisions"}],"predecessor-version":[{"id":1431,"href":"https:\/\/bufetcolls.com\/es\/wp-json\/wp\/v2\/posts\/1424\/revisions\/1431"}],"wp:featuredmedia":[{"embeddable":true,"href":"https:\/\/bufetcolls.com\/es\/wp-json\/wp\/v2\/media\/1461"}],"wp:attachment":[{"href":"https:\/\/bufetcolls.com\/es\/wp-json\/wp\/v2\/media?parent=1424"}],"wp:term":[{"taxonomy":"category","embeddable":true,"href":"https:\/\/bufetcolls.com\/es\/wp-json\/wp\/v2\/categories?post=1424"},{"taxonomy":"post_tag","embeddable":true,"href":"https:\/\/bufetcolls.com\/es\/wp-json\/wp\/v2\/tags?post=1424"}],"curies":[{"name":"wp","href":"https:\/\/api.w.org\/{rel}","templated":true}]}}