{"id":1600,"date":"2016-04-26T17:08:34","date_gmt":"2016-04-26T17:08:34","guid":{"rendered":"https:\/\/bufetcolls.com\/?p=1600"},"modified":"2021-12-14T21:49:56","modified_gmt":"2021-12-14T21:49:56","slug":"se-puede-grabar-con-camaras-de-videovigilancia-a-un-trabajador-en-su-puesto-de-trabajo","status":"publish","type":"post","link":"https:\/\/bufetcolls.com\/es\/blog\/se-puede-grabar-con-camaras-de-videovigilancia-a-un-trabajador-en-su-puesto-de-trabajo\/","title":{"rendered":"\u00bfSe puede grabar con c\u00e1maras de videovigilancia a un trabajador en su puesto de trabajo?"},"content":{"rendered":"<p>Nuestro Tribunal Constitucional en una Sentencia de 3\/3\/2016, as\u00ed parece entenderlo, aunque para ello la grabaci\u00f3n con<strong> c\u00e1maras de videovigilancia <\/strong>a un<strong> trabajador<\/strong>, debe cumplir determinados criterios.<!--more--> El TC rectifica su anterior doctrina que exig\u00eda a los empresarios informar a sus trabajadores, de forma previa, expresa, clara e inequ\u00edvoca, sobre la finalidad de instalar c\u00e1maras de captaci\u00f3n de la imagen en los puestos de trabajo.<\/p>\n<p>En esta Sentencia que ahora comentamos el Tribunal analiza un caso concreto. Estos son los hechos analizados:<\/p>\n<ol>\n<li>Las c\u00e1maras de videovigilancia instaladas en una tienda, donde una trabajadora prestaba sus servicios, captaron su imagen apropi\u00e1ndose de dinero y realizando, para ocultar dicha apropiaci\u00f3n, operaciones falsas de devoluciones de venta de prendas.<\/li>\n<li>La c\u00e1mara estaba situada en el lugar donde se desarrollaba la prestaci\u00f3n laboral, enfocando directamente a la caja.<\/li>\n<li>En el escaparate del establecimiento, en un lugar visible, se coloc\u00f3 el distintivo informativo exigido por la Instrucci\u00f3n 1\/2006, de la Agencia Espa\u00f1ola de Protecci\u00f3n de Datos.<\/li>\n<li>El trabajador conoc\u00eda que en la empresa se hab\u00eda instalado un <strong>sistema de control por videovigilancia<\/strong> sin especificar, m\u00e1s all\u00e1 de la mera vigilancia, la finalidad exacta que se hab\u00eda asignado a ese control.<\/li>\n<li>La trabajadora fue despedida disciplinariamente.<\/li>\n<\/ol>\n<p>Seg\u00fan esta Sentencia del TC, \u00fanicamente si la finalidad del tratamiento de datos no guarda relaci\u00f3n directa con el mantenimiento, desarrollo o control de la relaci\u00f3n contractual, el empresario estar\u00eda obligado a solicitar el consentimiento de los trabajadores afectados.<\/p>\n<p>En el caso enjuiciado, el dato recogido fue utilizado para el control de la relaci\u00f3n laboral, que capt\u00f3 la apropiaci\u00f3n de efectivo por una trabajadora, por lo que guarda esa relaci\u00f3n directa.<\/p>\n<p>Siguiendo los criterios fijados por el TC, si un empresario decide instalar un <strong>sistema de videovigilancia<\/strong>, debe respetar el <strong>derecho a la intimidad<\/strong> personal del trabajador, de conformidad con las exigencias del principio de proporcionalidad.<\/p>\n<p>Por ello, al adoptar la medida se deber\u00e1n tener en cuenta los siguientes criterios:<\/p>\n<ul>\n<li>Deber\u00e1 ser justificada, (en el caso comentado exist\u00edan razonables sospechas de que alguno de los trabajadores que prestaban servicios en dicha caja se estaba apropiando de dinero).<\/li>\n<li>Deber\u00e1 ser id\u00f3nea para la finalidad pretendida por la empresa (era la medida adecuada para verificar que se comet\u00edan las irregularidades sospechadas).<\/li>\n<li>Deber\u00e1 ser necesaria (la grabaci\u00f3n sirve de prueba de las irregularidades)<\/li>\n<li>Deber\u00e1 ser equilibrada (la grabaci\u00f3n de im\u00e1genes se limit\u00f3 a la zona de la caja),<\/li>\n<\/ul>\n<p>Solo ajust\u00e1ndose a estos criterios se podr\u00e1 grabar a los trabajadores mediante <strong>sistema de videovigilancia<\/strong>, sin que pueda estimarse que se produce lesi\u00f3n alguna del <strong>derecho a la intimidad personal<\/strong> consagrado en el art\u00edculo 18 de la Constituci\u00f3n.<\/p>\n<p><a title=\"Inicio Home\" href=\"https:\/\/bufetcolls.com\/\" target=\"_blank\" rel=\"noopener\"><strong>BUFET COLLS Barcelona<\/strong><\/a> | Abogados Expertos en <a title=\"Derecho al Honor, a la Intimidad y a la Propia Imagen\" href=\"https:\/\/bufetcolls.com\/servicios\/abogados-derecho-honor-intimidad-y-propiaimagen-barcelona\/\" target=\"_blank\" rel=\"noopener\">Derecho a la Intimidad y a la Propia Imagen<\/a><\/p>\n","protected":false},"excerpt":{"rendered":"<p>Nuestro Tribunal Constitucional en una Sentencia de 3\/3\/2016, as\u00ed parece entenderlo, aunque para ello la grabaci\u00f3n con c\u00e1maras de videovigilancia a un trabajador, debe cumplir determinados criterios.<\/p>\n","protected":false},"author":3,"featured_media":1604,"comment_status":"open","ping_status":"open","sticky":false,"template":"","format":"standard","meta":{"om_disable_all_campaigns":false,"_monsterinsights_skip_tracking":false,"_monsterinsights_sitenote_active":false,"_monsterinsights_sitenote_note":"","_monsterinsights_sitenote_category":0,"footnotes":""},"categories":[1],"tags":[25,26],"class_list":["post-1600","post","type-post","status-publish","format-standard","has-post-thumbnail","hentry","category-blog","tag-derecho-a-la-intimidad","tag-videovigilancia"],"aioseo_notices":[],"_links":{"self":[{"href":"https:\/\/bufetcolls.com\/es\/wp-json\/wp\/v2\/posts\/1600","targetHints":{"allow":["GET"]}}],"collection":[{"href":"https:\/\/bufetcolls.com\/es\/wp-json\/wp\/v2\/posts"}],"about":[{"href":"https:\/\/bufetcolls.com\/es\/wp-json\/wp\/v2\/types\/post"}],"author":[{"embeddable":true,"href":"https:\/\/bufetcolls.com\/es\/wp-json\/wp\/v2\/users\/3"}],"replies":[{"embeddable":true,"href":"https:\/\/bufetcolls.com\/es\/wp-json\/wp\/v2\/comments?post=1600"}],"version-history":[{"count":5,"href":"https:\/\/bufetcolls.com\/es\/wp-json\/wp\/v2\/posts\/1600\/revisions"}],"predecessor-version":[{"id":1606,"href":"https:\/\/bufetcolls.com\/es\/wp-json\/wp\/v2\/posts\/1600\/revisions\/1606"}],"wp:featuredmedia":[{"embeddable":true,"href":"https:\/\/bufetcolls.com\/es\/wp-json\/wp\/v2\/media\/1604"}],"wp:attachment":[{"href":"https:\/\/bufetcolls.com\/es\/wp-json\/wp\/v2\/media?parent=1600"}],"wp:term":[{"taxonomy":"category","embeddable":true,"href":"https:\/\/bufetcolls.com\/es\/wp-json\/wp\/v2\/categories?post=1600"},{"taxonomy":"post_tag","embeddable":true,"href":"https:\/\/bufetcolls.com\/es\/wp-json\/wp\/v2\/tags?post=1600"}],"curies":[{"name":"wp","href":"https:\/\/api.w.org\/{rel}","templated":true}]}}