{"id":1619,"date":"2016-06-22T08:45:29","date_gmt":"2016-06-22T08:45:29","guid":{"rendered":"https:\/\/bufetcolls.com\/?p=1619"},"modified":"2021-12-14T21:49:56","modified_gmt":"2021-12-14T21:49:56","slug":"bufet-colls-en-la-fiesta-de-la-republica-italiana-en-barcelona","status":"publish","type":"post","link":"https:\/\/bufetcolls.com\/es\/blog\/bufet-colls-en-la-fiesta-de-la-republica-italiana-en-barcelona\/","title":{"rendered":"Bufet Colls en la Fiesta de la Republica Italiana en Barcelona"},"content":{"rendered":"<p class=\"p1\"><span class=\"s1\">El pasado 1 de junio de 2016, los abogados de este despacho, <a href=\"https:\/\/bufetcolls.com\/socios-abogados\/\" target=\"_blank\" rel=\"noopener\"><strong>Marta Colls Peyra<\/strong><\/a>, <a href=\"https:\/\/bufetcolls.com\/bufete-de-abogados-italian-desk-de-barcelona\/\" target=\"_blank\" rel=\"noopener\"><strong>Josep Antoni Dur\u00e1n i Lleida<\/strong>\u00a0y <strong>Jos\u00e9 Mar\u00eda Plass Sanvicente<\/strong><\/a>, miembros del <a href=\"https:\/\/bufetcolls.com\/bufete-de-abogados-italian-desk-de-barcelona\/\" target=\"_blank\" rel=\"noopener\"><strong>BUFET COLLS<\/strong><\/a>, abogados de confianza del <strong>Consulado General de Italia en Barcelona<\/strong>, fueron invitados y participaron en la conmemoraci\u00f3n del 70 aniversario de la proclamaci\u00f3n de la <strong>Rep\u00fablica Italiana<\/strong>.<\/span><!--more--><\/p>\n<p class=\"p1\"><span class=\"s1\"><a href=\"https:\/\/bufetcolls.com\/wp-content\/uploads\/2016\/06\/Fiesta-Nacional-Italia-2016-Jose-Maria-Plass-Bufet-Colls-500x404.jpg\"><img decoding=\"async\" class=\"alignleft wp-image-1623 size-medium\" src=\"https:\/\/bufetcolls.com\/wp-content\/uploads\/2016\/06\/Fiesta-Nacional-Italia-2016-Jose-Maria-Plass-Bufet-Colls-500x404-300x242.jpg\" alt=\"Fiesta-Nacional-Italia-2016-Jose-Maria-Plass-Bufet-Colls-500x404\" width=\"300\" height=\"242\" srcset=\"https:\/\/bufetcolls.com\/wp-content\/uploads\/2016\/06\/Fiesta-Nacional-Italia-2016-Jose-Maria-Plass-Bufet-Colls-500x404-147x118.jpg 147w, https:\/\/bufetcolls.com\/wp-content\/uploads\/2016\/06\/Fiesta-Nacional-Italia-2016-Jose-Maria-Plass-Bufet-Colls-500x404-177x142.jpg 177w, https:\/\/bufetcolls.com\/wp-content\/uploads\/2016\/06\/Fiesta-Nacional-Italia-2016-Jose-Maria-Plass-Bufet-Colls-500x404-300x242.jpg 300w, https:\/\/bufetcolls.com\/wp-content\/uploads\/2016\/06\/Fiesta-Nacional-Italia-2016-Jose-Maria-Plass-Bufet-Colls-500x404.jpg 500w\" sizes=\"(max-width: 300px) 100vw, 300px\" \/><\/a><\/span><span class=\"s1\">La colectividad italiana tiene mucha significaci\u00f3n en Catalu\u00f1a, y poder acompa\u00f1ar en esta celebraci\u00f3n, como es recordar el ingreso de Italia a la rep\u00fablica y a la vida democr\u00e1tica, es muy importante para el despacho de abogados\u00a0<strong>BUFET COLLS\u00a0<\/strong>porque nos unen una gran cantidad de lazos culturales e hist\u00f3ricos.<\/span><\/p>\n<p class=\"p1\">En el importante encuentro el <strong>C\u00f3nsul General de Italia<\/strong> el Consigliere Stefano Nicoletti destac\u00f3 la hermandad entre Catalu\u00f1a e <strong>Italia<\/strong>, as\u00ed como las relaciones bilaterales entre los dos pa\u00edses, brindando con todos los asistentes por seguir estrechando las relaciones bilaterales.<\/p>\n<p class=\"p1\"><span class=\"s1\"><a href=\"https:\/\/bufetcolls.com\/wp-content\/uploads\/2016\/06\/festa-nazionale-consolato-Italia-Barcelona-Bufet-Colls-Abogados.jpg\"><img decoding=\"async\" class=\"aligncenter wp-image-1625 size-large\" title=\"Jos\u00e9 Mar\u00eda Plass Abogado de Bufet Colls con el C\u00f3nsul Italiano en Barcelona\" src=\"https:\/\/bufetcolls.com\/wp-content\/uploads\/2016\/06\/festa-nazionale-consolato-Italia-Barcelona-Bufet-Colls-Abogados-1024x683.jpg\" alt=\"festa-nazionale-consolato-Italia-Barcelona-Bufet-Colls-Abogados\" width=\"669\" height=\"446\" srcset=\"https:\/\/bufetcolls.com\/wp-content\/uploads\/2016\/06\/festa-nazionale-consolato-Italia-Barcelona-Bufet-Colls-Abogados-300x200.jpg 300w, https:\/\/bufetcolls.com\/wp-content\/uploads\/2016\/06\/festa-nazionale-consolato-Italia-Barcelona-Bufet-Colls-Abogados-768x512.jpg 768w, https:\/\/bufetcolls.com\/wp-content\/uploads\/2016\/06\/festa-nazionale-consolato-Italia-Barcelona-Bufet-Colls-Abogados-1024x683.jpg 1024w, https:\/\/bufetcolls.com\/wp-content\/uploads\/2016\/06\/festa-nazionale-consolato-Italia-Barcelona-Bufet-Colls-Abogados.jpg 1140w\" sizes=\"(max-width: 669px) 100vw, 669px\" \/><\/a><\/span><\/p>\n<p class=\"p1\"><span class=\"s1\"><strong><a href=\"https:\/\/bufetcolls.com\/\" target=\"_blank\" rel=\"noopener\">BUFET COLLS<\/a> Barcelona | <\/strong><a href=\"https:\/\/bufetcolls.com\/bufete-de-abogados-italian-desk-de-barcelona\/\" target=\"_blank\" rel=\"noopener\">Abogados Italian Desk<\/a><\/span><\/p>\n<p class=\"p1\"><span class=\"s1\"><em>Im\u00e1genes: <a href=\"http:\/\/www.consbarcellona.esteri.it\/consolato_barcellona\/es\/la-comunicazione\/dal_consolato\/2016\/06\/festa-della-repubblica-nel-porto.html\" target=\"_blank\" rel=\"noopener\">Consulado General de Italia en Barcelona<\/a><\/em><\/span><\/p>\n","protected":false},"excerpt":{"rendered":"<p>El pasado 1 de junio de 2016, los abogados de este despacho, Marta Colls Peyra, Josep Antoni Dur\u00e1n i Lleida\u00a0y Jos\u00e9 Mar\u00eda Plass Sanvicente, miembros del BUFET COLLS, abogados de confianza del Consulado General de Italia en Barcelona, fueron invitados y participaron en la conmemoraci\u00f3n del 70 aniversario de la proclamaci\u00f3n de la Rep\u00fablica Italiana.<\/p>\n","protected":false},"author":4,"featured_media":1622,"comment_status":"open","ping_status":"open","sticky":false,"template":"","format":"standard","meta":{"om_disable_all_campaigns":false,"_monsterinsights_skip_tracking":false,"_monsterinsights_sitenote_active":false,"_monsterinsights_sitenote_note":"","_monsterinsights_sitenote_category":0,"footnotes":""},"categories":[1],"tags":[30,31,29],"class_list":["post-1619","post","type-post","status-publish","format-standard","has-post-thumbnail","hentry","category-blog","tag-consulado-italiano","tag-fiesta-nacional-italia","tag-italian-desk"],"aioseo_notices":[],"_links":{"self":[{"href":"https:\/\/bufetcolls.com\/es\/wp-json\/wp\/v2\/posts\/1619","targetHints":{"allow":["GET"]}}],"collection":[{"href":"https:\/\/bufetcolls.com\/es\/wp-json\/wp\/v2\/posts"}],"about":[{"href":"https:\/\/bufetcolls.com\/es\/wp-json\/wp\/v2\/types\/post"}],"author":[{"embeddable":true,"href":"https:\/\/bufetcolls.com\/es\/wp-json\/wp\/v2\/users\/4"}],"replies":[{"embeddable":true,"href":"https:\/\/bufetcolls.com\/es\/wp-json\/wp\/v2\/comments?post=1619"}],"version-history":[{"count":26,"href":"https:\/\/bufetcolls.com\/es\/wp-json\/wp\/v2\/posts\/1619\/revisions"}],"predecessor-version":[{"id":1648,"href":"https:\/\/bufetcolls.com\/es\/wp-json\/wp\/v2\/posts\/1619\/revisions\/1648"}],"wp:featuredmedia":[{"embeddable":true,"href":"https:\/\/bufetcolls.com\/es\/wp-json\/wp\/v2\/media\/1622"}],"wp:attachment":[{"href":"https:\/\/bufetcolls.com\/es\/wp-json\/wp\/v2\/media?parent=1619"}],"wp:term":[{"taxonomy":"category","embeddable":true,"href":"https:\/\/bufetcolls.com\/es\/wp-json\/wp\/v2\/categories?post=1619"},{"taxonomy":"post_tag","embeddable":true,"href":"https:\/\/bufetcolls.com\/es\/wp-json\/wp\/v2\/tags?post=1619"}],"curies":[{"name":"wp","href":"https:\/\/api.w.org\/{rel}","templated":true}]}}