{"id":1796,"date":"2017-03-23T18:16:18","date_gmt":"2017-03-23T18:16:18","guid":{"rendered":"https:\/\/bufetcolls.com\/blog\/j-a-duran-i-lleida-nomenat-president-del-consell-assessor-de-meda-week-2\/"},"modified":"2021-12-14T21:49:56","modified_gmt":"2021-12-14T21:49:56","slug":"j-a-duran-i-lleida-nombrado-presidente-del-consejo-asesor-de-meda-week","status":"publish","type":"post","link":"https:\/\/bufetcolls.com\/es\/blog\/j-a-duran-i-lleida-nombrado-presidente-del-consejo-asesor-de-meda-week\/","title":{"rendered":"J.A. Duran i Lleida nombrado Presidente del Consejo Asesor de MEDA WEEK"},"content":{"rendered":"<p><span class=\"s1\">Desde todo el equipo de\u00a0<a href=\"https:\/\/bufetcolls.com\/\"><strong>Bufet Colls<\/strong> <\/a>queremos\u00a0felicitar a nuestro colega<\/span><span class=\"s1\">\u00a0<a href=\"https:\/\/bufetcolls.com\/socios-abogados\/\" target=\"_blank\" rel=\"noopener\"><strong>Josep Antoni Duran i Lleida<\/strong><\/a>\u00a0por su reciente nombramiento<\/span><span class=\"s1\"><!--more-->\u00a0como\u00a0<strong>Presidente del Consejo Asesor de MEDA WEEK<\/strong> (Semana\u00a0Mediterr\u00e1nea de L\u00edderes Econ\u00f3micos) que se celebra anualmente en Barcelona. \u00a1Muchas Felicidades!<\/span><\/p>\n<p class=\"p1\"><span class=\"s1\"><a href=\"https:\/\/bufetcolls.com\/wp-content\/uploads\/2017\/03\/Josep-Antoni-Durant-Lleida-Presidente-Consejo-Asesor-Meda-Week.jpg\"><img decoding=\"async\" class=\"wp-image-1776 size-medium alignleft\" src=\"https:\/\/bufetcolls.com\/wp-content\/uploads\/2017\/03\/Josep-Antoni-Durant-Lleida-Presidente-Consejo-Asesor-Meda-Week-300x225.jpg\" alt=\"Josep Antoni Duran i LLeida nombrado Presidente del Consejo Asesor de MEDA WEEK | BUFET COLLS Barcelona\" width=\"300\" height=\"225\" srcset=\"https:\/\/bufetcolls.com\/wp-content\/uploads\/2017\/03\/Josep-Antoni-Durant-Lleida-Presidente-Consejo-Asesor-Meda-Week-300x225.jpg 300w, https:\/\/bufetcolls.com\/wp-content\/uploads\/2017\/03\/Josep-Antoni-Durant-Lleida-Presidente-Consejo-Asesor-Meda-Week-768x576.jpg 768w, https:\/\/bufetcolls.com\/wp-content\/uploads\/2017\/03\/Josep-Antoni-Durant-Lleida-Presidente-Consejo-Asesor-Meda-Week-1024x769.jpg 1024w, https:\/\/bufetcolls.com\/wp-content\/uploads\/2017\/03\/Josep-Antoni-Durant-Lleida-Presidente-Consejo-Asesor-Meda-Week.jpg 1439w\" sizes=\"(max-width: 300px) 100vw, 300px\" \/><\/a><br \/>\n<\/span><\/p>\n<h5><a href=\"http:\/\/www.elperiodico.com\/es\/noticias\/politica\/duran-lleida-elegido-presidente-del-consejo-asesor-semana-mediterranea-5915232\" target=\"_blank\" rel=\"noopener\"><strong>Ver Not\u00edcia \u00a0en EL\u00a0PERI\u00d3DICO<\/strong><\/a><\/h5>\n<p>&nbsp;<\/p>\n<p>&nbsp;<\/p>\n<p>&nbsp;<\/p>\n<p>&nbsp;<\/p>\n<p>&nbsp;<\/p>\n<p><em>Foto principal: Miguel Gonz\u00e1lez<\/em><\/p>\n","protected":false},"excerpt":{"rendered":"<p>Desde todo el equipo de\u00a0Bufet Colls queremos\u00a0felicitar a nuestro colega\u00a0Josep Antoni Duran i Lleida\u00a0por su reciente nombramiento<\/p>\n","protected":false},"author":4,"featured_media":1784,"comment_status":"open","ping_status":"open","sticky":false,"template":"","format":"standard","meta":{"om_disable_all_campaigns":false,"_monsterinsights_skip_tracking":false,"_monsterinsights_sitenote_active":false,"_monsterinsights_sitenote_note":"","_monsterinsights_sitenote_category":0,"footnotes":""},"categories":[1],"tags":[42,43,44],"class_list":["post-1796","post","type-post","status-publish","format-standard","has-post-thumbnail","hentry","category-blog","tag-advocats-socis-es","tag-j-a-duran-i-lleida-es","tag-nomenaments-es"],"aioseo_notices":[],"_links":{"self":[{"href":"https:\/\/bufetcolls.com\/es\/wp-json\/wp\/v2\/posts\/1796","targetHints":{"allow":["GET"]}}],"collection":[{"href":"https:\/\/bufetcolls.com\/es\/wp-json\/wp\/v2\/posts"}],"about":[{"href":"https:\/\/bufetcolls.com\/es\/wp-json\/wp\/v2\/types\/post"}],"author":[{"embeddable":true,"href":"https:\/\/bufetcolls.com\/es\/wp-json\/wp\/v2\/users\/4"}],"replies":[{"embeddable":true,"href":"https:\/\/bufetcolls.com\/es\/wp-json\/wp\/v2\/comments?post=1796"}],"version-history":[{"count":3,"href":"https:\/\/bufetcolls.com\/es\/wp-json\/wp\/v2\/posts\/1796\/revisions"}],"predecessor-version":[{"id":1797,"href":"https:\/\/bufetcolls.com\/es\/wp-json\/wp\/v2\/posts\/1796\/revisions\/1797"}],"wp:featuredmedia":[{"embeddable":true,"href":"https:\/\/bufetcolls.com\/es\/wp-json\/wp\/v2\/media\/1784"}],"wp:attachment":[{"href":"https:\/\/bufetcolls.com\/es\/wp-json\/wp\/v2\/media?parent=1796"}],"wp:term":[{"taxonomy":"category","embeddable":true,"href":"https:\/\/bufetcolls.com\/es\/wp-json\/wp\/v2\/categories?post=1796"},{"taxonomy":"post_tag","embeddable":true,"href":"https:\/\/bufetcolls.com\/es\/wp-json\/wp\/v2\/tags?post=1796"}],"curies":[{"name":"wp","href":"https:\/\/api.w.org\/{rel}","templated":true}]}}