{"id":1520,"date":"2016-03-14T09:26:29","date_gmt":"2016-03-14T09:26:29","guid":{"rendered":"http:\/\/www.bufetcolls.es\/?p=1520"},"modified":"2021-12-14T21:49:56","modified_gmt":"2021-12-14T21:49:56","slug":"italian-desk-dello-studio-legale-colls","status":"publish","type":"post","link":"https:\/\/bufetcolls.com\/it\/press\/italian-desk-dello-studio-legale-colls\/","title":{"rendered":"L\u2019Italian Desk dello Studio Legale Colls ha una lunga storia di oltre 40 anni"},"content":{"rendered":"<p>Vogliamo condividere con i nostri lettori la notizia pubblicata dall\u2019edizione spagnola del quotidiano <a title=\"Economia Digital noticia Bufet Colls Studio Legale Italia\" href=\"http:\/\/www.economiadigital.es\/es\/notices\/2016\/02\/-a-que-se-dedica-el-despacho-de-abogados-del-suegro-de-duran-lleida-81827.php\" target=\"_blank\" rel=\"noopener\">\u201cEconom\u00eda Digital\u201d<\/a>,\u00a0in cui si evidenzia che lo <strong>Studio Legale Colls &#8211; Italian Desk<\/strong> \u00e8 lo studio legale spagnolo<br \/>\ncon pi\u00f9 onorificenze conferite dai capi di Stato italiani.<!--more--><\/p>\n<p>Da tantissimi anni, <strong>Josep Colls<\/strong> difende imprenditori italiani, presiede il gruppo Ermenegildo Zegna in Spagna ed \u00e8 consulente dell\u2019ambasciata d\u2019Italia.<\/p>\n<p>Specializzato in Italia. Come \u00e8 possibile leggere su <a title=\"Linkedin Josep Colls\" href=\"https:\/\/es.linkedin.com\/in\/josep-colls-alsius-867524b5\" target=\"_blank\" rel=\"noopener\">Linkedin<\/a>, l\u2019avvocato Josep Colls Alsius, fondatore dello studio legale Colls e suocero di Josep Antoni Duran i Lleida, vanta onorificenze concesse dai presidenti della Repubblica italiana: \u00e8 stato nominato <em>Cavaliere<\/em> dal presidente Giuseppe Saragat nel 1968, <em>Ufficiale<\/em> dal presidente Giuseppe Leoni nel 1974, <em>Commendatore<\/em> dal presidente Sandro Pertini nel 1982 e <em>Grande Ufficiale<\/em> dal presidente Francesco Cossiga nel 1986.<\/p>\n<p>Anche il genero, <strong>Josep Antoni Duran i Lleida<\/strong>, che \u00e8 entrato a far parte dello studio dopo l\u2019abbandono della politica, possiede un titolo di <em>Grande Ufficiale<\/em>, conferito dal presidente Carlo Azeglio Ciampi nel 1999, per l\u2019incarico di presidenza della commissione di Affari Esteri del Congresso dei Deputati.<\/p>\n<p>Un altro socio dello studio, l\u2019avvocato <strong>Jos\u00e9 Mar\u00eda Plass<\/strong>, ha ricevuto l\u2019onorificenza di <em>Cavaliere<\/em> dal presidente Giorgio Napolitano nel 2009. Durante pi\u00f9 di quarant\u2019anni, tra il 1968 ed il 2009, tutti i presidenti della Repubblica italiana hanno conferito onorificenze allo studio Colls, eccezion fatta per Oscar Luigi Scalfaro, pur trattandosi di un democristiano storico.<\/p>\n<p><strong>Josep Colls \u00e8 \u201cl\u2019avvocato di fiducia\u201d dell\u2019ambasciata italiana<\/strong><\/p>\n<p><a href=\"http:\/\/www.bufetcolls.es\/wp-content\/uploads\/2015\/03\/bufet-colls-abogados-barcelona.jpg\"><img decoding=\"async\" class=\"alignleft wp-image-839\" src=\"http:\/\/www.bufetcolls.es\/wp-content\/uploads\/2015\/03\/bufet-colls-abogados-barcelona.jpg\" alt=\"bufet colls abogados barcelona desde 1956 Josep Colls y Jos\u00e9 M\u00aa Plass\" width=\"300\" height=\"230\" \/><\/a>Non \u00e8 un caso che lo studio legale spagnolo con pi\u00f9 riconoscimenti ufficiali da parte dei capi di Stato italiani sia quello del suocero di Duran i Lleida: da pi\u00f9 di quarant\u2019anni, Josep Colls \u00e8 consulente di aziende e privati italiani con interessi economici e commerciali in Spagna.<\/p>\n<p>Non solo \u00e8 \u201cl\u2019avvocato di fiducia\u201d dell\u2019ambasciata d\u2019Italia a Madrid e del consolato italiano a Barcellona dall\u2019inizio degli anni sessanta, come evidenziato nella <a title=\"Studio Legale Colls\" href=\"http:\/\/www.bufetcolls.es\/it\/\">pagina web<\/a>\u00a0dello studio, ma fa anche parte dei consigli di amministrazione di alcune filiali di importanti multinazionali italiane.<\/p>\n<p><strong>Consulente di aziende con capitale italiano<\/strong><\/p>\n<p>Josep Colls \u00e8 presidente del gruppo <strong>Ermenegildo Zegna in Spagna<\/strong> perch\u00e8 \u00e8 alla guida dei consigli di amministrazione di <strong>Italco SA<\/strong>, la sua principale filiale spagnola, con sede e stabilimento della produzione tessile a San Quirze del Vall\u00e8s (Barcellona), e di <strong>Ezema SA,<\/strong> domiciliata a Madrid.<\/p>\n<p>Attualmente compare anche, sia pure come amministratore, procuratore o segretario, nei consigli di aziende con capitale italiano come <strong>Itway Ib\u00e9rica<\/strong> (informatica)<strong>,<\/strong> <strong>Pachiosi Drill Espa\u00f1ola<\/strong> (edilizia)<strong>,<\/strong> <strong>PM Oil &amp; Steel Ib\u00e9rica<\/strong> (produttrice di piattaforme aeree), <strong>Polynt Ib\u00e9rica<\/strong> (chimica) e Advanced Renting Spain (noleggio di veicoli).<\/p>\n<p>Fino alla met\u00e0 degli anni novanta, Josep Colls \u00e8 stato consulente della filiale spagnola della catena alberghiera <strong>CIGA <\/strong>(Compagnia Italiana Grandi Alberghi), quando era propriet\u00e0 <strong>dell\u2019Aga Kh\u0101n Karim<\/strong>.<\/p>\n<p><strong>Duran i Lleida si incorpora in qualit\u00e0 di consulente internazionale<\/strong><\/p>\n<p><img decoding=\"async\" class=\" wp-image-1432 size-medium alignright\" src=\"http:\/\/www.bufetcolls.es\/wp-content\/uploads\/2016\/02\/Josep-Antoni-Duran-i-Lleida-Bufet-Colls-Abogados-Barcelona-453x310-300x205.jpg\" alt=\"Josep Antoni Duran i Lleida se incorpora a Bufet Colls\" width=\"300\" height=\"205\" srcset=\"https:\/\/bufetcolls.com\/wp-content\/uploads\/2016\/02\/Josep-Antoni-Duran-i-Lleida-Bufet-Colls-Abogados-Barcelona-453x310-300x205.jpg 300w, https:\/\/bufetcolls.com\/wp-content\/uploads\/2016\/02\/Josep-Antoni-Duran-i-Lleida-Bufet-Colls-Abogados-Barcelona-453x310.jpg 453w\" sizes=\"(max-width: 300px) 100vw, 300px\" \/>Josep\u00a0Antoni Duran i Lleida si \u00e8 da poco incorporato allo studio del suocero in qualit\u00e0 di \u201cconsulente internazionale\u201d, come confermato sulla sua <a href=\"http:\/\/www.bufetcolls.es\/it\/blog\/incorporazione-di-josep-antoni-duran-i-lleida-nello-studio-legale-colls\/\">pagina web<\/a>. Nel suddetto studio lavora anche la moglie, Marta Colls, ed il cognato Ignacio Colls.<\/p>\n<p>L\u2019ex presidente di Uni\u00f3 aveva abbandonato l\u2019avvocatura trent\u2019anni fa per dedicarsi alla politica. Quando era iscritto al Collegio degli Avvocati di Lleida, Duran esercitava come assessore legale del gruppo Ros Roca nel periodo tra il 1978 ed il 1986.<\/p>\n<p><strong><a title=\"Italian Desk\" href=\"http:\/\/www.bufetcolls.es\/it\/studio-de-avvocati-italian-desk-a-barcellona\/\">Italian Desk\u00a0Studio Legale Colls<\/a>,\u00a0<\/strong>fondato da<a title=\"Studio Legale Colls. Avvocati Italian Desk a Barcellona\" href=\"http:\/\/www.bufetcolls.es\/it\/studio-de-avvocati-italian-desk-a-barcellona\/\"><strong> Josep Colls <\/strong><\/a>nel 1956<\/p>\n","protected":false},"excerpt":{"rendered":"<p>Vogliamo condividere con i nostri lettori la notizia pubblicata dall\u2019edizione spagnola del quotidiano \u201cEconom\u00eda Digital\u201d,\u00a0in cui si evidenzia che lo Studio Legale Colls &#8211; Italian Desk \u00e8 lo studio legale spagnolo con pi\u00f9 onorificenze conferite dai capi di Stato italiani.<\/p>\n","protected":false},"author":4,"featured_media":1541,"comment_status":"open","ping_status":"open","sticky":false,"template":"","format":"standard","meta":{"om_disable_all_campaigns":false,"_monsterinsights_skip_tracking":false,"_monsterinsights_sitenote_active":false,"_monsterinsights_sitenote_note":"","_monsterinsights_sitenote_category":0,"footnotes":""},"categories":[6],"tags":[],"class_list":["post-1520","post","type-post","status-publish","format-standard","has-post-thumbnail","hentry","category-press"],"aioseo_notices":[],"_links":{"self":[{"href":"https:\/\/bufetcolls.com\/it\/wp-json\/wp\/v2\/posts\/1520","targetHints":{"allow":["GET"]}}],"collection":[{"href":"https:\/\/bufetcolls.com\/it\/wp-json\/wp\/v2\/posts"}],"about":[{"href":"https:\/\/bufetcolls.com\/it\/wp-json\/wp\/v2\/types\/post"}],"author":[{"embeddable":true,"href":"https:\/\/bufetcolls.com\/it\/wp-json\/wp\/v2\/users\/4"}],"replies":[{"embeddable":true,"href":"https:\/\/bufetcolls.com\/it\/wp-json\/wp\/v2\/comments?post=1520"}],"version-history":[{"count":21,"href":"https:\/\/bufetcolls.com\/it\/wp-json\/wp\/v2\/posts\/1520\/revisions"}],"predecessor-version":[{"id":1539,"href":"https:\/\/bufetcolls.com\/it\/wp-json\/wp\/v2\/posts\/1520\/revisions\/1539"}],"wp:featuredmedia":[{"embeddable":true,"href":"https:\/\/bufetcolls.com\/it\/wp-json\/wp\/v2\/media\/1541"}],"wp:attachment":[{"href":"https:\/\/bufetcolls.com\/it\/wp-json\/wp\/v2\/media?parent=1520"}],"wp:term":[{"taxonomy":"category","embeddable":true,"href":"https:\/\/bufetcolls.com\/it\/wp-json\/wp\/v2\/categories?post=1520"},{"taxonomy":"post_tag","embeddable":true,"href":"https:\/\/bufetcolls.com\/it\/wp-json\/wp\/v2\/tags?post=1520"}],"curies":[{"name":"wp","href":"https:\/\/api.w.org\/{rel}","templated":true}]}}