{"id":1880,"date":"2018-11-08T16:42:44","date_gmt":"2018-11-08T16:42:44","guid":{"rendered":"https:\/\/bufetcolls.com\/?p=1880"},"modified":"2021-12-14T21:49:56","modified_gmt":"2021-12-14T21:49:56","slug":"bufet-colls-partecipa-nuovamente-al-forum-di-dialogo-espagna-italia","status":"publish","type":"post","link":"https:\/\/bufetcolls.com\/it\/press\/bufet-colls-partecipa-nuovamente-al-forum-di-dialogo-espagna-italia\/","title":{"rendered":"BUFET COLLS partecipa nuovamente al Forum di DIALOGO ESPAGNA-ITALIA"},"content":{"rendered":"<p><strong>BUFET COLLS<\/strong>, al servizio di aziende\u00a0 italiane e privati con interessi economici in Spagna, sostiene tutte le iniziative volte a rafforzare le relazioni italo-spagnole.<!--more--><\/p>\n<p><strong>Il forum di dialogo Spagna-Italia<\/strong> si tiene ogni anno e riunisce imprenditori, istituzioni e societ\u00e0 civile di entrambi i paesi. &#8220;Si tratta di un appuntamento di straordinaria importanza per i due paesi&#8221;, ha spiegato Borrell, che ha aggiunto &#8220;siamo entrambi paesi del sud, del Mediterraneo e siamo destinati a lavorare insieme&#8221;.<\/p>\n<p>&nbsp;<\/p>\n<div class=\"fusion-fullwidth fullwidth-box fusion-builder-row-1 fusion-flex-container hundred-percent-fullwidth non-hundred-percent-height-scrolling\" style=\"--awb-border-radius-top-left:0px;--awb-border-radius-top-right:0px;--awb-border-radius-bottom-right:0px;--awb-border-radius-bottom-left:0px;--awb-overflow:visible;--awb-flex-wrap:wrap;\" ><div class=\"fusion-builder-row fusion-row fusion-flex-align-items-flex-start fusion-flex-content-wrap\" style=\"width:calc( 100% + 0px ) !important;max-width:calc( 100% + 0px ) !important;margin-left: calc(-0px \/ 2 );margin-right: calc(-0px \/ 2 );\"><div class=\"fusion-layout-column fusion_builder_column fusion-builder-column-0 fusion_builder_column_1_1 1_1 fusion-flex-column fusion-flex-align-self-flex-start fusion-column-no-min-height\" style=\"--awb-bg-size:cover;--awb-width-large:100%;--awb-margin-top-large:0px;--awb-spacing-right-large:0px;--awb-margin-bottom-large:0px;--awb-spacing-left-large:0px;--awb-width-medium:100%;--awb-spacing-right-medium:0px;--awb-spacing-left-medium:0px;--awb-width-small:100%;--awb-spacing-right-small:0px;--awb-spacing-left-small:0px;\"><div class=\"fusion-column-wrapper fusion-flex-justify-content-flex-start fusion-content-layout-column\"><div id=\"attachment_1874\" style=\"width: 1000px\" class=\"wp-caption alignleft\"><a href=\"https:\/\/bufetcolls.com\/wp-content\/uploads\/2018\/11\/FORO-DE-DIALOGO-ESPAN\u0303A-ITALIA-2018-DURANLLEIDA-BUFET-COLLS.jpeg\"><img decoding=\"async\" aria-describedby=\"caption-attachment-1874\" class=\"wp-image-1874 size-full\" src=\"https:\/\/bufetcolls.com\/wp-content\/uploads\/2018\/11\/FORO-DE-DIALOGO-ESPAN\u0303A-ITALIA-2018-DURANLLEIDA-BUFET-COLLS.jpeg\" alt=\"foro de di\u00e1logo Espa\u00f1a-Italia | Bufet Colls Italian Desk\" width=\"990\" height=\"660\" srcset=\"https:\/\/bufetcolls.com\/wp-content\/uploads\/2018\/11\/FORO-DE-DIALOGO-ESPAN\u0303A-ITALIA-2018-DURANLLEIDA-BUFET-COLLS-300x200.jpeg 300w, https:\/\/bufetcolls.com\/wp-content\/uploads\/2018\/11\/FORO-DE-DIALOGO-ESPAN\u0303A-ITALIA-2018-DURANLLEIDA-BUFET-COLLS-768x512.jpeg 768w, https:\/\/bufetcolls.com\/wp-content\/uploads\/2018\/11\/FORO-DE-DIALOGO-ESPAN\u0303A-ITALIA-2018-DURANLLEIDA-BUFET-COLLS.jpeg 990w\" sizes=\"(max-width: 990px) 100vw, 990px\" \/><\/a><p id=\"caption-attachment-1874\" class=\"wp-caption-text\"><em>Foto di famiglia del <strong>Forum Spagna-Italia<\/strong> a cui hanno participato i ministri degli Esteri di Italia e Spagna, Enzo Moavero Milanesi e Josep Borrell, gli ambasciatori di entrambi i paesi, Stefano Sannino e Alfonso Dastis, il presidente di CEOE, Juan Rosell e i coordinatori del Forum, Enrico Letta e Josep Antoni Duran i Lleida<\/em><\/p><\/div>\n<p>Con il ministro degli Esteri spagnolo, hanno participato all\u2019inagurazione dell\u2019evento il Ministro degli \u00a0Esteri e della cooperazione internazionale d&#8217;Italia, <strong>ENZO MOAVERO<\/strong>, i due co-segretari generali del Forum, <strong>ENRICO LETTA<\/strong>\u00a0e <strong>JOSEP DUR\u00c1N I LLEIDA<\/strong>, e il Presidente della Camera di Madrid, <strong>\u00c1NGEL ASENSIO.<\/strong><\/p>\n<p>Da parte sua, <strong>Duran Lleida<\/strong>, co-segretario del Forum, e <a href=\"https:\/\/bufetcolls.com\/it\/avvocati-partners\/\" target=\"_blank\" rel=\"noopener\"><strong>avvocato di BUFET COLLS<\/strong><\/a>, ha sottolineato l&#8217;importanza di questo evento: &#8220;Italiani e\u00a0 spagnoli non possono lasciare in mano ai francesi o ai tedeschi il futuro dell&#8217;Europa&#8221;, e ha ricordato alcuni dei problemi che questi paesi affrontano, come &#8220;un difficile contesto europeo con il Brexit, oltre all&#8217;aumento del populismo e del protezionismo&#8221;.<\/p>\n<p>&#8220;Facciamo in modo che questo forum contribuisca a costruire un&#8217;Europa pi\u00f9 equa, pi\u00f9 equilibrata e pi\u00f9 efficace, per avere un peso politico ed economico che le corrisponda nell&#8217;UE&#8221;, ha concluso.<\/p>\n<p>Insieme a lui, il co-segretario italiano Enrico Letta ha anche incoraggiato entrambi i paesi a &#8220;fare la differenza e avere un impegno comune&#8221;. Durante il suo discorso, Letta ha ricordato che l&#8217;anno prossimo si festeggeranno 20 anni da quando questo forum \u00e8 stato tenuto per la prima volta &#8220;in un momento in cui l&#8217;Europa si sta giocando parte del suo futuro\u201d<\/p>\n<p>Sfide di innovazione e investimenti in <strong>Italia<\/strong> e in <strong>Spagna:<\/strong><\/p>\n<p>Durante il <strong>Forum di Dialogo Spagna-Italia<\/strong>, si sono discussi due degli argomenti che pi\u00f9 interessano gli imprenditori in Spagna e in Italia: innovazione e investimenti.<\/p>\n<p>Si \u00e8 parlato delle sfide e delle sinergie dell&#8217;innovazione in entrambi i paesi, con l&#8217;intervento di LUCA DE MEO, presidente di Seat, <strong>FRANCESCO STARACE<\/strong>, CEO di Enel, e <strong>TOB\u00cdAS MART\u00cdNEZ<\/strong>, CEO di Cellnex.<\/p>\n<p>Inoltre, il Forum ha presentato gli investimenti come strumento di sviluppo economico e sociale. A tal fine sono intervenuti l\u2019economista capo di Confindustria, <strong>ANDREA MONTANINO<\/strong>, il presidente di CaixaBank, <strong>JORDI GUAL<\/strong>, il presidente di Unicredit, <strong>FABRIZIO SACCOMANNI<\/strong>, il presidente di F2i, <strong>MASSIMILIANO CESARE<\/strong>, e il presidente di ICO, <strong>JOS\u00c9 CARLOS GARC\u00cdA DE QUEVEDO<\/strong>.<\/p>\n<p>Hanno partecipato al Forum anche <strong>ANTONIO LLARDEN<\/strong>, Presidente di Enagas, <strong>GIAMPIERO MAROLO<\/strong>, Presidente di Fincantieri, <strong>EMMA NAVARRO<\/strong> e <strong>DARIO SCANNAPIECO<\/strong>, Vice Presidente della Banca Europea degli Investimenti, e <strong>LAPO PISTELLI<\/strong>, Vice Presidente di ENI.<\/div><\/div><\/div><\/div>\n","protected":false},"excerpt":{"rendered":"<p>BUFET COLLS, al servizio di aziende\u00a0 italiane e privati con interessi economici in Spagna, sostiene tutte le iniziative volte a rafforzare le relazioni italo-spagnole.<\/p>\n","protected":false},"author":4,"featured_media":1871,"comment_status":"open","ping_status":"open","sticky":false,"template":"","format":"standard","meta":{"om_disable_all_campaigns":false,"_monsterinsights_skip_tracking":false,"_monsterinsights_sitenote_active":false,"_monsterinsights_sitenote_note":"","_monsterinsights_sitenote_category":0,"footnotes":""},"categories":[6],"tags":[52,49],"class_list":["post-1880","post","type-post","status-publish","format-standard","has-post-thumbnail","hentry","category-press","tag-forum-di-dialogo-espagna-italia","tag-italian-desk-it"],"aioseo_notices":[],"_links":{"self":[{"href":"https:\/\/bufetcolls.com\/it\/wp-json\/wp\/v2\/posts\/1880","targetHints":{"allow":["GET"]}}],"collection":[{"href":"https:\/\/bufetcolls.com\/it\/wp-json\/wp\/v2\/posts"}],"about":[{"href":"https:\/\/bufetcolls.com\/it\/wp-json\/wp\/v2\/types\/post"}],"author":[{"embeddable":true,"href":"https:\/\/bufetcolls.com\/it\/wp-json\/wp\/v2\/users\/4"}],"replies":[{"embeddable":true,"href":"https:\/\/bufetcolls.com\/it\/wp-json\/wp\/v2\/comments?post=1880"}],"version-history":[{"count":5,"href":"https:\/\/bufetcolls.com\/it\/wp-json\/wp\/v2\/posts\/1880\/revisions"}],"predecessor-version":[{"id":1895,"href":"https:\/\/bufetcolls.com\/it\/wp-json\/wp\/v2\/posts\/1880\/revisions\/1895"}],"wp:featuredmedia":[{"embeddable":true,"href":"https:\/\/bufetcolls.com\/it\/wp-json\/wp\/v2\/media\/1871"}],"wp:attachment":[{"href":"https:\/\/bufetcolls.com\/it\/wp-json\/wp\/v2\/media?parent=1880"}],"wp:term":[{"taxonomy":"category","embeddable":true,"href":"https:\/\/bufetcolls.com\/it\/wp-json\/wp\/v2\/categories?post=1880"},{"taxonomy":"post_tag","embeddable":true,"href":"https:\/\/bufetcolls.com\/it\/wp-json\/wp\/v2\/tags?post=1880"}],"curies":[{"name":"wp","href":"https:\/\/api.w.org\/{rel}","templated":true}]}}